{"id":1925,"date":"2020-03-17T14:07:57","date_gmt":"2020-03-17T13:07:57","guid":{"rendered":"https:\/\/cpbelviraespana.educacion.navarra.es\/web\/?p=1925"},"modified":"2020-03-17T14:07:58","modified_gmt":"2020-03-17T13:07:58","slug":"gracias-familias","status":"publish","type":"post","link":"https:\/\/cpbelviraespana.educacion.navarra.es\/web\/2020\/03\/17\/gracias-familias\/","title":{"rendered":"Gracias familias"},"content":{"rendered":"\n<p>El <strong>equipo directivo y todo el profesorado del colegio quiere daros las gracias a todas las familias<\/strong> por vuestra comprensi\u00f3n y paciencia durante estos d\u00edas dif\u00edciles que estamos viviendo. <\/p>\n\n\n\n<p>Hemos trabajado contrarreloj para poder <strong>habilitar la p\u00e1gina de tareas escolares en la cual pod\u00e9is encontrar todas las tareas y recomendaciones para vuestros hijos e hijas<\/strong>, dividas en cursos (primaria), adem\u00e1s de <strong>ejercicios de rob\u00f3tica<\/strong> y <strong>propuestas de actividad f\u00edsica<\/strong> que tambi\u00e9n os iremos a\u00f1adiendo. <\/p>\n\n\n\n<div class=\"wp-block-image\"><figure class=\"aligncenter size-large\"><a href=\"https:\/\/sites.google.com\/a\/educacion.navarra.es\/cp-elvira-espana\/\"><img loading=\"lazy\" width=\"953\" height=\"584\" src=\"https:\/\/cpbelviraespana.educacion.navarra.es\/web\/wp-content\/uploads\/2020\/03\/Captura-de-pantalla-2020-03-17-a-las-14.06.37.png\" alt=\"\" class=\"wp-image-1927\" srcset=\"https:\/\/cpbelviraespana.educacion.navarra.es\/web\/wp-content\/uploads\/2020\/03\/Captura-de-pantalla-2020-03-17-a-las-14.06.37.png 953w, https:\/\/cpbelviraespana.educacion.navarra.es\/web\/wp-content\/uploads\/2020\/03\/Captura-de-pantalla-2020-03-17-a-las-14.06.37-300x184.png 300w, https:\/\/cpbelviraespana.educacion.navarra.es\/web\/wp-content\/uploads\/2020\/03\/Captura-de-pantalla-2020-03-17-a-las-14.06.37-768x471.png 768w\" sizes=\"(max-width: 953px) 100vw, 953px\" \/><\/a><\/figure><\/div>\n\n\n\n<p>Estamos seguros que esto pasar\u00e1 pronto y que <strong>las semanas de confinamiento en familia, ser\u00e1n el mejor recuerdo que podr\u00e1n llevarse vuestros hijos<\/strong> de esta pandemia. <\/p>\n\n\n\n<p>Si necesit\u00e1is contactar con nosotros, pod\u00e9is hacerlo por mail a <a href=\"mailto:cpelvira@educacion.navarra.es\">cpelvira@educacion.navarra.es<\/a> y os responderemos lo antes posible. <\/p>\n\n\n\n<h3 class=\"has-text-align-center\">De nuevo, muchas gracias familias<\/h3>\n","protected":false},"excerpt":{"rendered":"<p>El equipo directivo y todo el profesorado del colegio quiere daros las gracias a todas las familias por vuestra comprensi\u00f3n y paciencia durante estos d\u00edas dif\u00edciles que estamos viviendo. Hemos trabajado contrarreloj para poder habilitar la p\u00e1gina de tareas escolares en la cual pod\u00e9is encontrar todas las tareas y recomendaciones para vuestros hijos e hijas, [&hellip;]<\/p>\n","protected":false},"author":1,"featured_media":1927,"comment_status":"closed","ping_status":"open","sticky":false,"template":"","format":"standard","meta":{"_genesis_hide_title":false,"_genesis_hide_breadcrumbs":false,"_genesis_hide_singular_image":false,"_genesis_hide_footer_widgets":false,"_genesis_custom_body_class":"","_genesis_custom_post_class":"","_genesis_layout":""},"categories":[1],"tags":[],"_links":{"self":[{"href":"https:\/\/cpbelviraespana.educacion.navarra.es\/web\/wp-json\/wp\/v2\/posts\/1925"}],"collection":[{"href":"https:\/\/cpbelviraespana.educacion.navarra.es\/web\/wp-json\/wp\/v2\/posts"}],"about":[{"href":"https:\/\/cpbelviraespana.educacion.navarra.es\/web\/wp-json\/wp\/v2\/types\/post"}],"author":[{"embeddable":true,"href":"https:\/\/cpbelviraespana.educacion.navarra.es\/web\/wp-json\/wp\/v2\/users\/1"}],"replies":[{"embeddable":true,"href":"https:\/\/cpbelviraespana.educacion.navarra.es\/web\/wp-json\/wp\/v2\/comments?post=1925"}],"version-history":[{"count":2,"href":"https:\/\/cpbelviraespana.educacion.navarra.es\/web\/wp-json\/wp\/v2\/posts\/1925\/revisions"}],"predecessor-version":[{"id":1929,"href":"https:\/\/cpbelviraespana.educacion.navarra.es\/web\/wp-json\/wp\/v2\/posts\/1925\/revisions\/1929"}],"wp:featuredmedia":[{"embeddable":true,"href":"https:\/\/cpbelviraespana.educacion.navarra.es\/web\/wp-json\/wp\/v2\/media\/1927"}],"wp:attachment":[{"href":"https:\/\/cpbelviraespana.educacion.navarra.es\/web\/wp-json\/wp\/v2\/media?parent=1925"}],"wp:term":[{"taxonomy":"category","embeddable":true,"href":"https:\/\/cpbelviraespana.educacion.navarra.es\/web\/wp-json\/wp\/v2\/categories?post=1925"},{"taxonomy":"post_tag","embeddable":true,"href":"https:\/\/cpbelviraespana.educacion.navarra.es\/web\/wp-json\/wp\/v2\/tags?post=1925"}],"curies":[{"name":"wp","href":"https:\/\/api.w.org\/{rel}","templated":true}]}}